{"id":3603,"date":"2026-01-04T18:08:43","date_gmt":"2026-01-04T17:08:43","guid":{"rendered":"https:\/\/aldv.ovh\/?p=3603"},"modified":"2026-01-04T18:08:52","modified_gmt":"2026-01-04T17:08:52","slug":"photos-rando-a-castillon-du-gard-2","status":"publish","type":"post","link":"https:\/\/aldv.ovh\/?p=3603","title":{"rendered":"photos rando \u00e0 Castillon du Gard"},"content":{"rendered":"Vous devez \u00eatre connect\u00e9 pour voir ce contenu.","protected":false},"excerpt":{"rendered":"Vous devez \u00eatre connect\u00e9 pour voir ce contenu.","protected":false},"author":1,"featured_media":0,"comment_status":"closed","ping_status":"open","sticky":false,"template":"","format":"standard","meta":[],"categories":[1],"tags":[],"post_mailing_queue_ids":[],"_links":{"self":[{"href":"https:\/\/aldv.ovh\/index.php?rest_route=\/wp\/v2\/posts\/3603"}],"collection":[{"href":"https:\/\/aldv.ovh\/index.php?rest_route=\/wp\/v2\/posts"}],"about":[{"href":"https:\/\/aldv.ovh\/index.php?rest_route=\/wp\/v2\/types\/post"}],"author":[{"embeddable":true,"href":"https:\/\/aldv.ovh\/index.php?rest_route=\/wp\/v2\/users\/1"}],"replies":[{"embeddable":true,"href":"https:\/\/aldv.ovh\/index.php?rest_route=%2Fwp%2Fv2%2Fcomments&post=3603"}],"version-history":[{"count":1,"href":"https:\/\/aldv.ovh\/index.php?rest_route=\/wp\/v2\/posts\/3603\/revisions"}],"predecessor-version":[{"id":3604,"href":"https:\/\/aldv.ovh\/index.php?rest_route=\/wp\/v2\/posts\/3603\/revisions\/3604"}],"wp:attachment":[{"href":"https:\/\/aldv.ovh\/index.php?rest_route=%2Fwp%2Fv2%2Fmedia&parent=3603"}],"wp:term":[{"taxonomy":"category","embeddable":true,"href":"https:\/\/aldv.ovh\/index.php?rest_route=%2Fwp%2Fv2%2Fcategories&post=3603"},{"taxonomy":"post_tag","embeddable":true,"href":"https:\/\/aldv.ovh\/index.php?rest_route=%2Fwp%2Fv2%2Ftags&post=3603"}],"curies":[{"name":"wp","href":"https:\/\/api.w.org\/{rel}","templated":true}]}}